{"id":1761,"date":"2017-09-08T14:21:50","date_gmt":"2017-09-08T14:21:50","guid":{"rendered":"http:\/\/vakgroep.cmd.hr.nl\/algemeen\/inspiratie\/?p=1761"},"modified":"2017-09-08T18:25:47","modified_gmt":"2017-09-08T18:25:47","slug":"vote-for-your-rights","status":"publish","type":"post","link":"https:\/\/vakgroep.cmd.hr.nl\/algemeen\/inspiratie\/2017\/09\/08\/vote-for-your-rights\/","title":{"rendered":"Vote for your Rights!"},"content":{"rendered":"<p>Negen\u00a0 motieven ontworpen door de S\u00fcpergr\u00fcp-ontwerpers (Eike K\u00f6nig, Erik Spiekerman, . . ) voor de &#8220;Bundestagswahl&#8221; 24 september 2017.<\/p>\n<p><a href=\"http:\/\/www.stern.de\/neon\/magazin\/bundestagswahl--wir-muessen-unsere-stimme-abgeben--um-gehoert-zu-werden--7607692.html\">http:\/\/www.stern.de\/neon\/magazin\/bundestagswahl&#8211;wir-muessen-unsere-stimme-abgeben&#8211;um-gehoert-zu-werden&#8211;7607692.html<\/a><\/p>\n","protected":false},"excerpt":{"rendered":"Negen\u00a0 motieven ontworpen door de S\u00fcpergr\u00fcp-ontwerpers (Eike K\u00f6nig, Erik Spiekerman, . . ) voor de &#8220;Bundestagswahl&#8221; 24 september 2017. http:\/\/www.stern.de\/neon\/magazin\/bundestagswahl&#8211;wir-muessen-unsere-stimme-abgeben&#8211;um-gehoert-zu-werden&#8211;7607692.html\n<a class=\"moretag\" href=\"https:\/\/vakgroep.cmd.hr.nl\/algemeen\/inspiratie\/2017\/09\/08\/vote-for-your-rights\/\"> [...]<\/a>","protected":false},"author":3,"featured_media":1762,"comment_status":"closed","ping_status":"closed","sticky":false,"template":"","format":"standard","meta":{"footnotes":""},"categories":[6,3],"tags":[119],"class_list":["post-1761","post","type-post","status-publish","format-standard","has-post-thumbnail","hentry","category-beeld","category-typografie","tag-t-shirt"],"_links":{"self":[{"href":"https:\/\/vakgroep.cmd.hr.nl\/algemeen\/inspiratie\/wp-json\/wp\/v2\/posts\/1761","targetHints":{"allow":["GET"]}}],"collection":[{"href":"https:\/\/vakgroep.cmd.hr.nl\/algemeen\/inspiratie\/wp-json\/wp\/v2\/posts"}],"about":[{"href":"https:\/\/vakgroep.cmd.hr.nl\/algemeen\/inspiratie\/wp-json\/wp\/v2\/types\/post"}],"author":[{"embeddable":true,"href":"https:\/\/vakgroep.cmd.hr.nl\/algemeen\/inspiratie\/wp-json\/wp\/v2\/users\/3"}],"replies":[{"embeddable":true,"href":"https:\/\/vakgroep.cmd.hr.nl\/algemeen\/inspiratie\/wp-json\/wp\/v2\/comments?post=1761"}],"version-history":[{"count":2,"href":"https:\/\/vakgroep.cmd.hr.nl\/algemeen\/inspiratie\/wp-json\/wp\/v2\/posts\/1761\/revisions"}],"predecessor-version":[{"id":1764,"href":"https:\/\/vakgroep.cmd.hr.nl\/algemeen\/inspiratie\/wp-json\/wp\/v2\/posts\/1761\/revisions\/1764"}],"wp:featuredmedia":[{"embeddable":true,"href":"https:\/\/vakgroep.cmd.hr.nl\/algemeen\/inspiratie\/wp-json\/wp\/v2\/media\/1762"}],"wp:attachment":[{"href":"https:\/\/vakgroep.cmd.hr.nl\/algemeen\/inspiratie\/wp-json\/wp\/v2\/media?parent=1761"}],"wp:term":[{"taxonomy":"category","embeddable":true,"href":"https:\/\/vakgroep.cmd.hr.nl\/algemeen\/inspiratie\/wp-json\/wp\/v2\/categories?post=1761"},{"taxonomy":"post_tag","embeddable":true,"href":"https:\/\/vakgroep.cmd.hr.nl\/algemeen\/inspiratie\/wp-json\/wp\/v2\/tags?post=1761"}],"curies":[{"name":"wp","href":"https:\/\/api.w.org\/{rel}","templated":true}]}}