{"id":3043,"date":"2018-11-24T09:54:46","date_gmt":"2018-11-24T09:54:46","guid":{"rendered":"http:\/\/vakgroep.cmd.hr.nl\/algemeen\/inspiratie\/?p=3043"},"modified":"2018-11-24T09:54:46","modified_gmt":"2018-11-24T09:54:46","slug":"fonts-sinews-sans","status":"publish","type":"post","link":"https:\/\/vakgroep.cmd.hr.nl\/algemeen\/inspiratie\/2018\/11\/24\/fonts-sinews-sans\/","title":{"rendered":"Fonts Sinews Sans"},"content":{"rendered":"<p>Open vormben en een groote x-hoogte zorgen voor dat de compacte fonts Sinews Sans goed leesbaar is op kleine beeldschermen.<br \/>\n<a href=\"http:\/\/jakob-runge.de\/typedesign\/sinews-sans\" rel=\"noopener\" target=\"_blank\">http:\/\/jakob-runge.de\/typedesign\/sinews-sans<\/a><br \/>\n&#8220;Eine zeitgem\u00e4\u00dfe Sans Serif mit technischem Kern, ausgestattet mit einem markanten Charakter und umh\u00fcllt von dezenten Kurven. Neben ihrem technischen Charme hat die \u00bbSinews Sans\u00ab noch kleine, erst in Display-Gr\u00f6\u00dfen erkennbare Besonderheiten: An- und abgeschnitte Ecken bewahren auch in einer konstruierten Schrift einen leichten kalligrafischen Charakter und erm\u00f6glichen die feinere Justierung des Grauwerts. Subtil gebogene Diagonalen st\u00e4rken die Dynamik und Stabilit\u00e4t der Schrift. In der Kombination von rechteckiger Geometrie und humanistischer Rundung eignet sich die \u00bbSinews Sans\u00ab besonders f\u00fcr den Einsatz in Corporate Identities und Editorial Design.&#8221;<\/p>\n","protected":false},"excerpt":{"rendered":"Open vormben en een groote x-hoogte zorgen voor dat de compacte fonts Sinews Sans goed leesbaar is op kleine beeldschermen. http:\/\/jakob-runge.de\/typedesign\/sinews-sans &#8220;Eine zeitgem\u00e4\u00dfe \n<a class=\"moretag\" href=\"https:\/\/vakgroep.cmd.hr.nl\/algemeen\/inspiratie\/2018\/11\/24\/fonts-sinews-sans\/\"> [...]<\/a>","protected":false},"author":1,"featured_media":3044,"comment_status":"closed","ping_status":"closed","sticky":false,"template":"","format":"standard","meta":{"footnotes":""},"categories":[3],"tags":[14],"class_list":["post-3043","post","type-post","status-publish","format-standard","has-post-thumbnail","hentry","category-typografie","tag-letterontwerp"],"_links":{"self":[{"href":"https:\/\/vakgroep.cmd.hr.nl\/algemeen\/inspiratie\/wp-json\/wp\/v2\/posts\/3043","targetHints":{"allow":["GET"]}}],"collection":[{"href":"https:\/\/vakgroep.cmd.hr.nl\/algemeen\/inspiratie\/wp-json\/wp\/v2\/posts"}],"about":[{"href":"https:\/\/vakgroep.cmd.hr.nl\/algemeen\/inspiratie\/wp-json\/wp\/v2\/types\/post"}],"author":[{"embeddable":true,"href":"https:\/\/vakgroep.cmd.hr.nl\/algemeen\/inspiratie\/wp-json\/wp\/v2\/users\/1"}],"replies":[{"embeddable":true,"href":"https:\/\/vakgroep.cmd.hr.nl\/algemeen\/inspiratie\/wp-json\/wp\/v2\/comments?post=3043"}],"version-history":[{"count":1,"href":"https:\/\/vakgroep.cmd.hr.nl\/algemeen\/inspiratie\/wp-json\/wp\/v2\/posts\/3043\/revisions"}],"predecessor-version":[{"id":3045,"href":"https:\/\/vakgroep.cmd.hr.nl\/algemeen\/inspiratie\/wp-json\/wp\/v2\/posts\/3043\/revisions\/3045"}],"wp:featuredmedia":[{"embeddable":true,"href":"https:\/\/vakgroep.cmd.hr.nl\/algemeen\/inspiratie\/wp-json\/wp\/v2\/media\/3044"}],"wp:attachment":[{"href":"https:\/\/vakgroep.cmd.hr.nl\/algemeen\/inspiratie\/wp-json\/wp\/v2\/media?parent=3043"}],"wp:term":[{"taxonomy":"category","embeddable":true,"href":"https:\/\/vakgroep.cmd.hr.nl\/algemeen\/inspiratie\/wp-json\/wp\/v2\/categories?post=3043"},{"taxonomy":"post_tag","embeddable":true,"href":"https:\/\/vakgroep.cmd.hr.nl\/algemeen\/inspiratie\/wp-json\/wp\/v2\/tags?post=3043"}],"curies":[{"name":"wp","href":"https:\/\/api.w.org\/{rel}","templated":true}]}}