{"id":4338,"date":"2020-06-21T19:33:43","date_gmt":"2020-06-21T19:33:43","guid":{"rendered":"http:\/\/vakgroep.cmd.hr.nl\/algemeen\/inspiratie\/?p=4338"},"modified":"2020-06-21T19:34:10","modified_gmt":"2020-06-21T19:34:10","slug":"apeloig-posterdesigns","status":"publish","type":"post","link":"https:\/\/vakgroep.cmd.hr.nl\/algemeen\/inspiratie\/2020\/06\/21\/apeloig-posterdesigns\/","title":{"rendered":"Apeloig &#8211; Posterdesigns"},"content":{"rendered":"<p>Philippe Apeloig, who grew up in Paris, was educated at the \u00c9cole Sup\u00e9rieure des Arts Appliqu\u00e9s and the \u00c9cole Nationale Sup\u00e9rieure des Arts D\u00e9coratifs.<br \/>\n<a href=\"https:\/\/scene360.com\/design\/55567\/10-great-poster-designs\/\" rel=\"noopener noreferrer\" target=\"_blank\">https:\/\/scene360.com\/design\/55567\/10-great-poster-designs\/<\/a><\/p>\n<p><img loading=\"lazy\" decoding=\"async\" src=\"http:\/\/vakgroep.cmd.hr.nl\/algemeen\/inspiratie\/wp-content\/uploads\/crazy-cool-poster-designs-14-200x300.jpg\" alt=\"\" width=\"200\" height=\"300\" class=\"alignnone size-medium wp-image-4341\" srcset=\"https:\/\/vakgroep.cmd.hr.nl\/algemeen\/inspiratie\/wp-content\/uploads\/crazy-cool-poster-designs-14-200x300.jpg 200w, https:\/\/vakgroep.cmd.hr.nl\/algemeen\/inspiratie\/wp-content\/uploads\/crazy-cool-poster-designs-14-682x1024.jpg 682w, https:\/\/vakgroep.cmd.hr.nl\/algemeen\/inspiratie\/wp-content\/uploads\/crazy-cool-poster-designs-14-768x1153.jpg 768w, https:\/\/vakgroep.cmd.hr.nl\/algemeen\/inspiratie\/wp-content\/uploads\/crazy-cool-poster-designs-14-1023x1536.jpg 1023w, https:\/\/vakgroep.cmd.hr.nl\/algemeen\/inspiratie\/wp-content\/uploads\/crazy-cool-poster-designs-14.jpg 1300w\" sizes=\"auto, (max-width: 200px) 100vw, 200px\" \/><\/p>\n<p>Parisian designer Philippe Apeloig made a clever 3D-style poster for an opera performance at the Theatre du Ch\u00e2telet.<br \/>\n<a href=\"https:\/\/a-g-i.org\/design\/an-american-in-paris\" rel=\"noopener noreferrer\" target=\"_blank\">https:\/\/a-g-i.org\/design\/an-american-in-paris<\/a><\/p>\n","protected":false},"excerpt":{"rendered":"Philippe Apeloig, who grew up in Paris, was educated at the \u00c9cole Sup\u00e9rieure des Arts Appliqu\u00e9s and the \u00c9cole Nationale Sup\u00e9rieure des Arts \n<a class=\"moretag\" href=\"https:\/\/vakgroep.cmd.hr.nl\/algemeen\/inspiratie\/2020\/06\/21\/apeloig-posterdesigns\/\"> [...]<\/a>","protected":false},"author":1,"featured_media":4339,"comment_status":"closed","ping_status":"closed","sticky":false,"template":"","format":"standard","meta":{"footnotes":""},"categories":[6,3],"tags":[71,30],"class_list":["post-4338","post","type-post","status-publish","format-standard","has-post-thumbnail","hentry","category-beeld","category-typografie","tag-3d","tag-poster"],"_links":{"self":[{"href":"https:\/\/vakgroep.cmd.hr.nl\/algemeen\/inspiratie\/wp-json\/wp\/v2\/posts\/4338","targetHints":{"allow":["GET"]}}],"collection":[{"href":"https:\/\/vakgroep.cmd.hr.nl\/algemeen\/inspiratie\/wp-json\/wp\/v2\/posts"}],"about":[{"href":"https:\/\/vakgroep.cmd.hr.nl\/algemeen\/inspiratie\/wp-json\/wp\/v2\/types\/post"}],"author":[{"embeddable":true,"href":"https:\/\/vakgroep.cmd.hr.nl\/algemeen\/inspiratie\/wp-json\/wp\/v2\/users\/1"}],"replies":[{"embeddable":true,"href":"https:\/\/vakgroep.cmd.hr.nl\/algemeen\/inspiratie\/wp-json\/wp\/v2\/comments?post=4338"}],"version-history":[{"count":2,"href":"https:\/\/vakgroep.cmd.hr.nl\/algemeen\/inspiratie\/wp-json\/wp\/v2\/posts\/4338\/revisions"}],"predecessor-version":[{"id":4342,"href":"https:\/\/vakgroep.cmd.hr.nl\/algemeen\/inspiratie\/wp-json\/wp\/v2\/posts\/4338\/revisions\/4342"}],"wp:featuredmedia":[{"embeddable":true,"href":"https:\/\/vakgroep.cmd.hr.nl\/algemeen\/inspiratie\/wp-json\/wp\/v2\/media\/4339"}],"wp:attachment":[{"href":"https:\/\/vakgroep.cmd.hr.nl\/algemeen\/inspiratie\/wp-json\/wp\/v2\/media?parent=4338"}],"wp:term":[{"taxonomy":"category","embeddable":true,"href":"https:\/\/vakgroep.cmd.hr.nl\/algemeen\/inspiratie\/wp-json\/wp\/v2\/categories?post=4338"},{"taxonomy":"post_tag","embeddable":true,"href":"https:\/\/vakgroep.cmd.hr.nl\/algemeen\/inspiratie\/wp-json\/wp\/v2\/tags?post=4338"}],"curies":[{"name":"wp","href":"https:\/\/api.w.org\/{rel}","templated":true}]}}