{"id":967,"date":"2016-10-03T17:20:59","date_gmt":"2016-10-03T17:20:59","guid":{"rendered":"http:\/\/vakgroep.cmd.hr.nl\/algemeen\/inspiratie\/?p=967"},"modified":"2016-10-03T17:28:26","modified_gmt":"2016-10-03T17:28:26","slug":"taglich-brot","status":"publish","type":"post","link":"https:\/\/vakgroep.cmd.hr.nl\/algemeen\/inspiratie\/2016\/10\/03\/taglich-brot\/","title":{"rendered":"t\u00e4glich Brot"},"content":{"rendered":"<p><img loading=\"lazy\" decoding=\"async\" src=\"http:\/\/vakgroep.cmd.hr.nl\/algemeen\/inspiratie\/wp-content\/uploads\/baeckerei-zoettl-kampagne-taeglich-brot-09.jpg\" alt=\"baeckerei-zoettl-kampagne-taeglich-brot-09\" width=\"2300\" height=\"1533\" class=\"alignnone size-full wp-image-970\" srcset=\"https:\/\/vakgroep.cmd.hr.nl\/algemeen\/inspiratie\/wp-content\/uploads\/baeckerei-zoettl-kampagne-taeglich-brot-09.jpg 2300w, https:\/\/vakgroep.cmd.hr.nl\/algemeen\/inspiratie\/wp-content\/uploads\/baeckerei-zoettl-kampagne-taeglich-brot-09-300x200.jpg 300w, https:\/\/vakgroep.cmd.hr.nl\/algemeen\/inspiratie\/wp-content\/uploads\/baeckerei-zoettl-kampagne-taeglich-brot-09-768x512.jpg 768w, https:\/\/vakgroep.cmd.hr.nl\/algemeen\/inspiratie\/wp-content\/uploads\/baeckerei-zoettl-kampagne-taeglich-brot-09-1024x683.jpg 1024w\" sizes=\"auto, (max-width: 2300px) 100vw, 2300px\" \/><\/p>\n<p><img loading=\"lazy\" decoding=\"async\" src=\"http:\/\/vakgroep.cmd.hr.nl\/algemeen\/inspiratie\/wp-content\/uploads\/baeckerei-zoettl-kampagne-taeglich-brot-18.jpg\" alt=\"baeckerei-zoettl-kampagne-taeglich-brot-18\" width=\"2300\" height=\"1533\" class=\"alignnone size-full wp-image-971\" srcset=\"https:\/\/vakgroep.cmd.hr.nl\/algemeen\/inspiratie\/wp-content\/uploads\/baeckerei-zoettl-kampagne-taeglich-brot-18.jpg 2300w, https:\/\/vakgroep.cmd.hr.nl\/algemeen\/inspiratie\/wp-content\/uploads\/baeckerei-zoettl-kampagne-taeglich-brot-18-300x200.jpg 300w, https:\/\/vakgroep.cmd.hr.nl\/algemeen\/inspiratie\/wp-content\/uploads\/baeckerei-zoettl-kampagne-taeglich-brot-18-768x512.jpg 768w, https:\/\/vakgroep.cmd.hr.nl\/algemeen\/inspiratie\/wp-content\/uploads\/baeckerei-zoettl-kampagne-taeglich-brot-18-1024x683.jpg 1024w\" sizes=\"auto, (max-width: 2300px) 100vw, 2300px\" \/>Zeichen &#038; Wunder: &#8220;Wir haben den Claim zur Kampagnen-Headline gemacht. Unter dem Motto \u201et\u00e4glich Brot\u201c haben wir die Kommunikationsstrategie und die Image-Kampagne entwickelt, die das Thema Brot in den Mittelpunkt stellt. Die f\u00fcnf Kampagnenmotive inszenieren verschiedene Brotsorten einfach aber pr\u00e4gnant in warmen, dunklen Farbt\u00f6nen. Sie vermitteln dem Kunden ganz gezielt klare Botschaften: unser Brot schmeckt lecker, es ist handgemacht und besteht aus den allerbesten Zutaten. Eine wichtige Rolle spielt auch das Qualit\u00e4tsversprechen, f\u00fcr das Bernhard Z\u00f6ttl mit seinem Namen und einem kurzen, pers\u00f6nlichen Statement steht. So werden die f\u00fcr die B\u00e4ckerei entscheidenden Grunds\u00e4tze wie Tradition, Sorgfalt, Handarbeit, Frische und Geschmack einpr\u00e4gsam kommuniziert.&#8221; <a href=\"http:\/\/www.zeichenundwunder.de\/de\/projekt\/zoettl-imagekampagne-taeglich-brot\/all\" target=\"_blank\">http:\/\/www.zeichenundwunder.de\/de\/projekt\/zoettl-imagekampagne-taeglich-brot\/all<\/a><\/p>\n","protected":false},"excerpt":{"rendered":"Zeichen &#038; Wunder: &#8220;Wir haben den Claim zur Kampagnen-Headline gemacht. Unter dem Motto \u201et\u00e4glich Brot\u201c haben wir die Kommunikationsstrategie und die Image-Kampagne entwickelt, \n<a class=\"moretag\" href=\"https:\/\/vakgroep.cmd.hr.nl\/algemeen\/inspiratie\/2016\/10\/03\/taglich-brot\/\"> [...]<\/a>","protected":false},"author":3,"featured_media":969,"comment_status":"closed","ping_status":"closed","sticky":false,"template":"","format":"standard","meta":{"footnotes":""},"categories":[6,11],"tags":[102,30],"class_list":["post-967","post","type-post","status-publish","format-standard","has-post-thumbnail","hentry","category-beeld","category-copy","tag-campagne","tag-poster"],"_links":{"self":[{"href":"https:\/\/vakgroep.cmd.hr.nl\/algemeen\/inspiratie\/wp-json\/wp\/v2\/posts\/967","targetHints":{"allow":["GET"]}}],"collection":[{"href":"https:\/\/vakgroep.cmd.hr.nl\/algemeen\/inspiratie\/wp-json\/wp\/v2\/posts"}],"about":[{"href":"https:\/\/vakgroep.cmd.hr.nl\/algemeen\/inspiratie\/wp-json\/wp\/v2\/types\/post"}],"author":[{"embeddable":true,"href":"https:\/\/vakgroep.cmd.hr.nl\/algemeen\/inspiratie\/wp-json\/wp\/v2\/users\/3"}],"replies":[{"embeddable":true,"href":"https:\/\/vakgroep.cmd.hr.nl\/algemeen\/inspiratie\/wp-json\/wp\/v2\/comments?post=967"}],"version-history":[{"count":2,"href":"https:\/\/vakgroep.cmd.hr.nl\/algemeen\/inspiratie\/wp-json\/wp\/v2\/posts\/967\/revisions"}],"predecessor-version":[{"id":972,"href":"https:\/\/vakgroep.cmd.hr.nl\/algemeen\/inspiratie\/wp-json\/wp\/v2\/posts\/967\/revisions\/972"}],"wp:featuredmedia":[{"embeddable":true,"href":"https:\/\/vakgroep.cmd.hr.nl\/algemeen\/inspiratie\/wp-json\/wp\/v2\/media\/969"}],"wp:attachment":[{"href":"https:\/\/vakgroep.cmd.hr.nl\/algemeen\/inspiratie\/wp-json\/wp\/v2\/media?parent=967"}],"wp:term":[{"taxonomy":"category","embeddable":true,"href":"https:\/\/vakgroep.cmd.hr.nl\/algemeen\/inspiratie\/wp-json\/wp\/v2\/categories?post=967"},{"taxonomy":"post_tag","embeddable":true,"href":"https:\/\/vakgroep.cmd.hr.nl\/algemeen\/inspiratie\/wp-json\/wp\/v2\/tags?post=967"}],"curies":[{"name":"wp","href":"https:\/\/api.w.org\/{rel}","templated":true}]}}